[{"@context":"https:\/\/schema.org\/","@type":"Article","@id":"https:\/\/www.cckhk.cz\/kdy-se-na-nich-zahojite\/#Article","mainEntityOfPage":"https:\/\/www.cckhk.cz\/kdy-se-na-nich-zahojite\/","headline":"Kdy se na nich \u201azahoj\u00edte\u2018?","name":"Kdy se na nich \u201azahoj\u00edte\u2018?","description":"Snad v\u0161ichni, kdo vyu\u017e\u00edvaj\u00ed \u010dast\u011bji leteckou p\u0159epravu, u\u017e se n\u011bkdy setkali se zpo\u017ed\u011bn\u00edm. V\u011bt\u0161inou jen s t\u00edm \u00fanosn\u00fdm, kter\u00e9 se je\u0161t\u011b dalo vydr\u017eet a kter\u00e9 se vy\u0159e\u0161ilo nanejv\u00fd\u0161 tak n\u011bjak\u00fdm t\u00edm nespokojen\u00fdm mru\u010den\u00edm pod fousy, ale tu a tam i p\u0159ece jenom u\u017e moc dlouh\u00fdm a probl\u00e9my znamenaj\u00edc\u00edm.A pokud se takov\u00e9 zpo\u017ed\u011bn\u00ed odehr\u00e1lo na palub\u011b...","datePublished":"2019-09-26","dateModified":"2023-05-03","author":{"@type":"Person","@id":"https:\/\/www.cckhk.cz\/author\/#Person","name":"","url":"https:\/\/www.cckhk.cz\/author\/","identifier":1,"image":{"@type":"ImageObject","@id":"https:\/\/secure.gravatar.com\/avatar\/01173f1da90dde8adb887d6793fa4e42c4004e53f8d645d9b1cb57c2dee8e188?s=96&d=mm&r=g","url":"https:\/\/secure.gravatar.com\/avatar\/01173f1da90dde8adb887d6793fa4e42c4004e53f8d645d9b1cb57c2dee8e188?s=96&d=mm&r=g","height":96,"width":96}},"publisher":{"@type":"Organization","name":"cckhk.cz","logo":{"@type":"ImageObject","@id":"\/logo.png","url":"\/logo.png","width":600,"height":60}},"image":{"@type":"ImageObject","@id":"https:\/\/www.cckhk.cz\/wp-content\/uploads\/img_a344888_w1715_t1558684612.jpg","url":"https:\/\/www.cckhk.cz\/wp-content\/uploads\/img_a344888_w1715_t1558684612.jpg","height":0,"width":0},"url":"https:\/\/www.cckhk.cz\/kdy-se-na-nich-zahojite\/","about":["Slu\u017eby"],"wordCount":454,"articleBody":" Snad v\u0161ichni, kdo vyu\u017e\u00edvaj\u00ed \u010dast\u011bji leteckou p\u0159epravu, u\u017e se n\u011bkdy setkali se zpo\u017ed\u011bn\u00edm. V\u011bt\u0161inou jen s t\u00edm \u00fanosn\u00fdm, kter\u00e9 se je\u0161t\u011b dalo vydr\u017eet a kter\u00e9 se vy\u0159e\u0161ilo nanejv\u00fd\u0161 tak n\u011bjak\u00fdm t\u00edm nespokojen\u00fdm mru\u010den\u00edm pod fousy, ale tu a tam i p\u0159ece jenom u\u017e moc dlouh\u00fdm a probl\u00e9my znamenaj\u00edc\u00edm.A pokud se takov\u00e9 zpo\u017ed\u011bn\u00ed odehr\u00e1lo na palub\u011b eurounijn\u00edch, norsk\u00fdch, \u0161v\u00fdcarsk\u00fdch nebo islandsk\u00fdch letadel, pokud k n\u011bmu do\u0161lo na jak\u00e9koliv lince za\u010d\u00ednaj\u00edc\u00ed i kon\u010d\u00edc\u00ed v pr\u00e1v\u011b zm\u00edn\u011bn\u00fdch zem\u00edch nebo u jak\u00fdchkoliv dopravc\u016f let\u00edc\u00edch z uveden\u00fdch zem\u00ed mimo \u201aEvropu\u2018, mohl a m\u016f\u017ee si b\u00fdt \u010dlov\u011bk jist, \u017ee se na n\u011bj vztahuje regulace 261\/2004, striktn\u011b vymezuj\u00edc\u00ed, na jak\u00e9 od\u0161kodn\u00e9 m\u00e1 \u010dlov\u011bk n\u00e1rok, a to podle d\u00e9lky letu a dosa\u017een\u00e9ho zpo\u017ed\u011bn\u00ed v c\u00edlov\u00e9 destinaci.Tady by se tedy m\u011bl \u010dlov\u011bk od\u0161kodn\u011bn\u00ed za zpo\u017ed\u011bn\u00fd let jednozna\u010dn\u011b do\u010dkat. A n\u011bjak\u00e9 od\u0161kodn\u011bn\u00ed by mu m\u011blo z\u0159ejm\u011b n\u00e1le\u017eet i v p\u0159\u00edpad\u011b vyu\u017eit\u00ed spole\u010dnost\u00ed jin\u00fdch, \u0159\u00edd\u00edc\u00edch se z\u00e1kony jejich zem\u00ed a jejich vlastn\u00edmi p\u0159epravn\u00edmi podm\u00ednkami.Ov\u0161em ne v\u017edy \u010dlov\u011bku p\u0159eje \u0161t\u011bst\u00ed. Ve zm\u00edn\u011bn\u00e9 regulaci je toti\u017e tak\u00e9 ustanoveno, \u017ee ono a\u017e \u0161estiseteurov\u00e9 od\u0161kodn\u00e9 n\u00e1le\u017e\u00ed cestuj\u00edc\u00edmu pouze v p\u0159\u00edpad\u011b, \u017ee ono zpo\u017ed\u011bn\u00ed zavinily samy aerolinie, kdy\u017e neud\u011blaly v\u0161e, co ud\u011blat m\u011bly a mohly. Pokud do\u0161lo ke zpo\u017ed\u011bn\u00ed vlivem po\u010das\u00ed, p\u0159\u00edrodn\u00edch ne\u0161t\u011bst\u00ed, st\u00e1vek t\u0159et\u00edch stran, omezen\u00ed letov\u00e9ho provozu nebo bezpe\u010dnostn\u00ed situace, ona kompenzace se nevypl\u00e1c\u00ed.A i kdy\u017e jsou na vin\u011b aerolinie, nejednou se pokou\u0161ej\u00ed ze sv\u00fdch povinnost\u00ed vyvl\u00e9ci, a to pr\u00e1v\u011b t\u00edm, \u017ee se vymlouvaj\u00ed na p\u0159\u00ed\u010diny spadaj\u00edc\u00ed mezi ty jimi neovlivniteln\u00e9. Nebo s t\u00edm, kdo \u017e\u00e1d\u00e1 od\u0161kodn\u011bn\u00ed, v\u016fbec nekomunikuj\u00ed.A pak je t\u0159eba vsadit na pr\u00e1vn\u00edky, kte\u0159\u00ed se tomuto oboru v\u011bnuj\u00ed. Kte\u0159\u00ed se vyznaj\u00ed, porad\u00ed si s t\u00edm a opr\u00e1vn\u011bn\u00e9 od\u0161kodn\u00e9 vymohou. A sami si vezmou provizi teprve ve chv\u00edli, kdy u\u017e jejich klient sv\u00e9 od\u0161kodn\u00e9 pomysln\u011b dr\u017e\u00ed v ruce.Na co\u017e m\u00e1 n\u00e1rok ka\u017ed\u00fd, koho p\u0159epravili vinou aerolini\u00ed citeln\u011b pozd\u011bji, ne\u017e m\u011bli. Bez pardonu.                                                                                                                                                                                                                                                                                                                                                                                        4.6\/5 - (10 votes)        "},{"@context":"https:\/\/schema.org\/","@type":"BreadcrumbList","itemListElement":[{"@type":"ListItem","position":1,"name":"Kdy se na nich \u201azahoj\u00edte\u2018?","item":"https:\/\/www.cckhk.cz\/kdy-se-na-nich-zahojite\/#breadcrumbitem"}]}]