[{"@context":"https:\/\/schema.org\/","@type":"Article","@id":"https:\/\/www.cckhk.cz\/zdrave-oblekani-pro-nejmensi\/#Article","mainEntityOfPage":"https:\/\/www.cckhk.cz\/zdrave-oblekani-pro-nejmensi\/","headline":"Zdrav\u00e9 obl\u00e9kan\u00ed pro nejmen\u0161\u00ed","name":"Zdrav\u00e9 obl\u00e9kan\u00ed pro nejmen\u0161\u00ed","description":"Kde ale takov\u00e9 kvalitn\u00ed oble\u010den\u00ed sehnat a hlavn\u011b, bude takov\u00e9 oble\u010den\u00ed opravdu vhodn\u00e9 pro d\u011bti? V t\u00e9to dob\u011b samoz\u0159ejm\u011b \u0159et\u011bzce na n\u00e1s chrl\u00ed rychloobr\u00e1tkov\u00e9 zbo\u017e\u00ed a kvanta nekvalitn\u00edch materi\u00e1l\u016f. Z\u00e1kazn\u00edci se pak v\u011bt\u0161inou nezaob\u00edraj\u00ed kvalitou v\u00fdrobku, ale \u010dlov\u011bk by m\u011bl b\u00fdt opravdu opatrn\u00fd. Pokud tedy pomineme etick\u00e9 nebo tak\u00e9 ekologick\u00e9 hledisko n\u00e1kupu t\u011bchto levn\u00fdch textili\u00ed...","datePublished":"2020-09-09","dateModified":"2023-05-03","author":{"@type":"Person","@id":"https:\/\/www.cckhk.cz\/author\/#Person","name":"","url":"https:\/\/www.cckhk.cz\/author\/","identifier":1,"image":{"@type":"ImageObject","@id":"https:\/\/secure.gravatar.com\/avatar\/01173f1da90dde8adb887d6793fa4e42c4004e53f8d645d9b1cb57c2dee8e188?s=96&d=mm&r=g","url":"https:\/\/secure.gravatar.com\/avatar\/01173f1da90dde8adb887d6793fa4e42c4004e53f8d645d9b1cb57c2dee8e188?s=96&d=mm&r=g","height":96,"width":96}},"publisher":{"@type":"Organization","name":"cckhk.cz","logo":{"@type":"ImageObject","@id":"\/logo.png","url":"\/logo.png","width":600,"height":60}},"image":{"@type":"ImageObject","@id":"https:\/\/www.cckhk.cz\/wp-content\/uploads\/img_a300184_w1724_t1510241385.jpg","url":"https:\/\/www.cckhk.cz\/wp-content\/uploads\/img_a300184_w1724_t1510241385.jpg","height":0,"width":0},"url":"https:\/\/www.cckhk.cz\/zdrave-oblekani-pro-nejmensi\/","about":["V\u00fdrobky"],"wordCount":416,"articleBody":"Kde ale takov\u00e9 kvalitn\u00ed oble\u010den\u00ed sehnat a hlavn\u011b, bude takov\u00e9 oble\u010den\u00ed opravdu vhodn\u00e9 pro d\u011bti? V t\u00e9to dob\u011b samoz\u0159ejm\u011b \u0159et\u011bzce na n\u00e1s chrl\u00ed rychloobr\u00e1tkov\u00e9 zbo\u017e\u00ed a kvanta nekvalitn\u00edch materi\u00e1l\u016f.Z\u00e1kazn\u00edci se pak v\u011bt\u0161inou nezaob\u00edraj\u00ed kvalitou v\u00fdrobku, ale \u010dlov\u011bk by m\u011bl b\u00fdt opravdu opatrn\u00fd. Pokud tedy pomineme etick\u00e9 nebo tak\u00e9 ekologick\u00e9 hledisko n\u00e1kupu t\u011bchto levn\u00fdch textili\u00ed s nejasn\u00fdm p\u016fvodem, mus\u00edme se zamyslet nad t\u00edm, jestli takov\u00e9 oble\u010den\u00ed nem\u016f\u017ee m\u00edt vliv na na\u0161e zdrav\u00ed, respektive na zdrav\u00ed na\u0161ich d\u011bt\u00ed. Ka\u017ed\u00fd z n\u00e1s v t\u00e9to dob\u011b db\u00e1 na kvalitn\u00ed obut\u00ed na\u0161ich d\u011bt\u00ed , ale na kvalitu oble\u010den\u00ed se zase a\u017e tak nehled\u00ed.A to i p\u0159es to, \u017ee d\u011btsk\u00e1 poko\u017eka je extr\u00e9mn\u011b citliv\u00e1 na \u0161kodliviny obsa\u017een\u00e9 v textilu. U dvaceti procent evropsk\u00e9 populace je dokonce diagnostikov\u00e1na citliv\u00e1 \u010di alergick\u00e1 poko\u017eka s projevy dermatitidy.Jak tedy vybrat vhodn\u00e9 oble\u010den\u00ed pro va\u0161e d\u00edtko a na co d\u00e1vat pozor?\u2022 V\u017edy zkontrolujte certifik\u00e1ty v\u00fdrobku a nekupujte nikdy kojeneck\u00e9 zbo\u017e\u00ed bez jasn\u00e9ho ozna\u010den\u00ed v\u00fdrobce a zem\u011b p\u016fvodu\u2022 Pokud si nejste 100% jisti p\u016fvodem od\u011bvu, m\u011bjte se na pozoru alespo\u0148 p\u0159ed n\u00e1kupem d\u011btsk\u00e9ho oble\u010den\u00ed z\u00e1\u0159iv\u00fdch barev. Do t\u011bchto barev b\u00fdvaj\u00ed \u010dasto p\u0159id\u00e1v\u00e1ny t\u011b\u017ek\u00e9 kovy kv\u016fli st\u00e1losti barev.\u2022 Vyh\u00fdbejte se modern\u00edm a obl\u00edben\u00fdm potisk\u016fm, kter\u00e9 mohou obsahovat jedovat\u00e9 ftal\u00e1ty.\u2022 Nekupujte takov\u00e9 oble\u010den\u00ed, kter\u00e9 siln\u011b zap\u00e1ch\u00e1, proto\u017ee pravd\u011bpodobn\u011b zde zap\u00e1chaj\u00ed p\u0159\u00eddavn\u00e9 l\u00e1tky, kter\u00e9 se do tkanin p\u0159id\u00e1vaj\u00ed z d\u016fvodu snadn\u011bj\u0161\u00edho transportu (jako t\u0159eba formaldehyd, kter\u00fd chr\u00e1n\u00ed tkaninu pro pl\u00edsn\u00edm a bakteri\u00edm)\u2022 Vyvarujte se tak\u00e9 n\u00e1kupu od\u011bv\u016f s ozna\u010den\u00edm pr\u00e1t samostatn\u011b, proto\u017ee tyto od\u011bvy budou barvit ostatn\u00ed va\u0161e pran\u00e9 od\u011bvy\u2022 Ka\u017ed\u00e9, nejen kojeneck\u00e9, oble\u010den\u00ed p\u0159ed no\u0161en\u00edm v\u017edy vyperte!!\u2022 Sna\u017ete se barevn\u00e9 od\u011bvy ned\u00e1vat p\u0159\u00edmo na t\u011blo, ur\u010dit\u011b tedy ne u miminek!V\u011b\u0159te, \u017ee Va\u0161e intuice matky v\u00e1s povede spr\u00e1vn\u011b p\u0159i v\u00fdb\u011bru oble\u010den\u00ed, pokud si na tyto uveden\u00e9 body d\u00e1te dobr\u00fd pozor!                                                                                                                                                                                                                                                                                                                                                                                        3.9\/5 - (8 votes)        "},{"@context":"https:\/\/schema.org\/","@type":"BreadcrumbList","itemListElement":[{"@type":"ListItem","position":1,"name":"Zdrav\u00e9 obl\u00e9kan\u00ed pro nejmen\u0161\u00ed","item":"https:\/\/www.cckhk.cz\/zdrave-oblekani-pro-nejmensi\/#breadcrumbitem"}]}]