[{"@context":"https:\/\/schema.org\/","@type":"Article","@id":"https:\/\/www.cckhk.cz\/zima-je-za-dvermi\/#Article","mainEntityOfPage":"https:\/\/www.cckhk.cz\/zima-je-za-dvermi\/","headline":"Zima je za dve\u0159mi","name":"Zima je za dve\u0159mi","description":"Nu a my se na to mus\u00edme p\u0159ipravit. P\u0159\u00edroda nepo\u010dk\u00e1, a\u017e bude m\u00edt \u010dlov\u011bk \u010das. P\u0159\u00edroda m\u00e1 sv\u00e9 z\u00e1kony, kter\u00e9 sice \u010dlov\u011bk siln\u011b naru\u0161il, ale zase ne natolik, aby se po\u010das\u00ed zbl\u00e1znilo definitivn\u011b. To teprve p\u0159ijde za p\u00e1r let. Zat\u00edm se na to jen pomali\u010dku Zem\u011b p\u0159ipravuje. A \u010dlov\u011bk s n\u00ed. Za chv\u00edli nastane doba,...","datePublished":"2022-07-11","dateModified":"2023-05-03","author":{"@type":"Person","@id":"https:\/\/www.cckhk.cz\/author\/#Person","name":"","url":"https:\/\/www.cckhk.cz\/author\/","identifier":1,"image":{"@type":"ImageObject","@id":"https:\/\/secure.gravatar.com\/avatar\/01173f1da90dde8adb887d6793fa4e42c4004e53f8d645d9b1cb57c2dee8e188?s=96&d=mm&r=g","url":"https:\/\/secure.gravatar.com\/avatar\/01173f1da90dde8adb887d6793fa4e42c4004e53f8d645d9b1cb57c2dee8e188?s=96&d=mm&r=g","height":96,"width":96}},"publisher":{"@type":"Organization","name":"cckhk.cz","logo":{"@type":"ImageObject","@id":"\/logo.png","url":"\/logo.png","width":600,"height":60}},"image":{"@type":"ImageObject","@id":"https:\/\/www.cckhk.cz\/wp-content\/uploads\/b_1.jpg","url":"https:\/\/www.cckhk.cz\/wp-content\/uploads\/b_1.jpg","height":0,"width":0},"url":"https:\/\/www.cckhk.cz\/zima-je-za-dvermi\/","about":["V\u00fdrobky"],"wordCount":429,"articleBody":"       Nu a my se na to mus\u00edme p\u0159ipravit. P\u0159\u00edroda nepo\u010dk\u00e1, a\u017e bude m\u00edt \u010dlov\u011bk \u010das. P\u0159\u00edroda m\u00e1 sv\u00e9 z\u00e1kony, kter\u00e9 sice \u010dlov\u011bk siln\u011b naru\u0161il, ale zase ne natolik, aby se po\u010das\u00ed zbl\u00e1znilo definitivn\u011b. To teprve p\u0159ijde za p\u00e1r let. Zat\u00edm se na to jen pomali\u010dku Zem\u011b p\u0159ipravuje. A \u010dlov\u011bk s n\u00ed. Za chv\u00edli nastane doba, kdy podzimn\u00ed pl\u00edskanice budou venku za okny \u0159\u00e1dit s velkou silou a lid\u00e9 se budou p\u0159ipravovat na zimu. Budou prohled\u00e1vat sv\u00e9 \u0161atn\u00edky a zkou\u0161et od\u011bn\u00ed, kter\u00e9 budou, nebo naopak nebudou nosit. N\u011bkdo se jist\u011b chyst\u00e1 na hory, na po\u0159\u00e1dn\u00e9 ly\u017eov\u00e1n\u00ed, nebo jen tak, bez sportu. Potulky po zasn\u011b\u017een\u00fdch hor\u00e1ch jsou p\u0159ece n\u00e1dhern\u00e9. Jen\u017ee, pozor, \u010dlov\u011bk mus\u00ed b\u00fdt n\u00e1le\u017eit\u011b vybaven. Tedy, p\u0159edev\u0161\u00edm co se t\u00fd\u010de oble\u010den\u00ed, v\u0161e mus\u00ed b\u00fdt zimn\u00ed a teplou\u010dk\u00e9. D\u016fle\u017eit\u00e9 jsou jak boty, tak i \u010depice, ale bez po\u0159\u00e1dn\u00e9 Didriksons kombin\u00e9zy by to ne\u0161lo. Tedy, pokud \u010dlov\u011bk nechce venku \u00famysln\u011b zmrznout. A to asi nechce. Tak\u017ee pokud budete n\u011bjak\u00e9 star\u00e9 od\u011bvn\u00ed svr\u0161ky t\u0159\u00eddit a d\u00e1te je mezi nepou\u017eiteln\u00e9, jist\u011b se budete sh\u00e1n\u011bt po n\u011b\u010dem nov\u00e9m. A zde pr\u00e1v\u011b by m\u011bla zaujmout m\u00edsto ona kombin\u00e9za, o kter\u00e9 je ps\u00e1no v\u00fd\u0161e. Nem\u00e1 smysl popisovat ve\u0161ker\u00e9 jej\u00ed p\u0159ednosti, proto\u017ee by to bylo na dal\u0161\u00ed \u010dl\u00e1nek. Zcela jist\u011b se pak stejn\u011b p\u0159esv\u011bd\u010d\u00edte sami, proto\u017ee v\u011b\u0159\u00edm, \u017ee se na tuto kombin\u00e9zu hned pod\u00edv\u00e1te. Nu\u017ee, klikn\u011bte na odkaz n\u00ed\u017ee v \u010dl\u00e1ne\u010dku a ocitnete se na prodejn\u00edm webu, kde ihned uvid\u00edte velik\u00fd v\u00fdb\u011br t\u011bchto kombin\u00e9z. Jak jinak, s jednou by asi sv\u011btozn\u00e1m\u00e1 firma moc neusp\u011bla. Nu a vy si m\u016f\u017eete v klidu vyb\u00edrat. Asi to bude t\u011b\u017ek\u00e9, proto\u017ee ka\u017ed\u00e1 Didriksons kombin\u00e9za je hezk\u00e1 na pohled a perfektn\u011b funk\u010dn\u00ed. Nen\u00ed tam nikde \u017e\u00e1dn\u00e9 m\u00ednus, tak\u017ee asi budete m\u00edjet jen ty co nejsou zrovna v pot\u0159ebn\u00e9 velikosti. A kdy\u017e u\u017e vyb\u00edr\u00e1te, nemyslete jen a jen na sebe, ale tak\u00e9 na d\u011bti a rodinu. Pamatujte, \u017ee lep\u0161\u00ed koupi u\u017e nikde neud\u011bl\u00e1te. Proto si klidn\u011b vyberte i v\u00edce kus\u016f.                                                                                                                                                                                                                                                                                                                                                                                           4.2\/5 - (12 votes)        "},{"@context":"https:\/\/schema.org\/","@type":"BreadcrumbList","itemListElement":[{"@type":"ListItem","position":1,"name":"Zima je za dve\u0159mi","item":"https:\/\/www.cckhk.cz\/zima-je-za-dvermi\/#breadcrumbitem"}]}]